{"id":76,"date":"2014-05-05T20:38:49","date_gmt":"2014-05-05T20:38:49","guid":{"rendered":"http:\/\/www.noahapfelbaum.com\/?p=76"},"modified":"2014-05-05T20:48:44","modified_gmt":"2014-05-05T20:48:44","slug":"autor-y-novela","status":"publish","type":"post","link":"http:\/\/www.noahapfelbaum.com\/?p=76","title":{"rendered":"\u00a1\u00a1Autor y Novela!!"},"content":{"rendered":"<p style=\"text-align: justify;\">Estoy en condiciones de comunicaros qui\u00e9n es el escritor del que os hab\u00eda hablado y al cual voy a representar.<\/p>\n<p style=\"text-align: center;\"><a href=\"http:\/\/www.noahapfelbaum.com\/wp-content\/uploads\/2014\/05\/Foto-de-Conocer-al-Autor-blanco-y-negro.jpg\"><img loading=\"lazy\" decoding=\"async\" class=\"size-medium wp-image-80 aligncenter\" alt=\"Foto de Conocer al Autor blanco y negro\" src=\"http:\/\/www.noahapfelbaum.com\/wp-content\/uploads\/2014\/05\/Foto-de-Conocer-al-Autor-blanco-y-negro-300x200.jpg\" width=\"300\" height=\"200\" srcset=\"http:\/\/www.noahapfelbaum.com\/wp-content\/uploads\/2014\/05\/Foto-de-Conocer-al-Autor-blanco-y-negro-300x200.jpg 300w, http:\/\/www.noahapfelbaum.com\/wp-content\/uploads\/2014\/05\/Foto-de-Conocer-al-Autor-blanco-y-negro.jpg 450w\" sizes=\"auto, (max-width: 300px) 100vw, 300px\" \/><\/a><\/p>\n<p style=\"text-align: justify;\">Se trata de <strong>FRANCISCO MELERO<\/strong>, un autor que en el a\u00f1o 2009 qued\u00f3 Tercer Finalista en el Premio Planeta con una novela titulada <span style=\"text-decoration: underline;\">EL FARO DEL UNICORNIO<\/span>, y que ahora inicia un ambicioso proyecto literario que lleva por nombre:<\/p>\n<p style=\"text-align: center;\"><span style=\"color: #ff0000;\"><strong>A M A P O L A \u00a0 N E G R A<\/strong><\/span><\/p>\n<p style=\"text-align: justify;\">\u00a0Una serie de cuatro vol\u00famenes a trav\u00e9s de los cuales pretende dar una visi\u00f3n global de la Primera Guerra Mundial, tambi\u00e9n conocida como Gran Guerra.<\/p>\n<p style=\"text-align: justify;\">Como aperitivo, a continuaci\u00f3n os muestro la portada de la primera parte del proyecto, cuyo t\u00edtulo completo es <strong><span style=\"text-decoration: underline;\">AMAPOLA NEGRA. 1914: G\u00c9NESIS<\/span><\/strong>, que ver\u00e1 la luz a finales de mayo.<\/p>\n<p style=\"text-align: center;\"><a href=\"http:\/\/www.noahapfelbaum.com\/wp-content\/uploads\/2014\/05\/Portada-Definitiva-Amapola-Negra-I.jpg\"><img loading=\"lazy\" decoding=\"async\" class=\"size-medium wp-image-77 aligncenter\" alt=\"Portada Definitiva Amapola Negra I\" src=\"http:\/\/www.noahapfelbaum.com\/wp-content\/uploads\/2014\/05\/Portada-Definitiva-Amapola-Negra-I-198x300.jpg\" width=\"198\" height=\"300\" srcset=\"http:\/\/www.noahapfelbaum.com\/wp-content\/uploads\/2014\/05\/Portada-Definitiva-Amapola-Negra-I-198x300.jpg 198w, http:\/\/www.noahapfelbaum.com\/wp-content\/uploads\/2014\/05\/Portada-Definitiva-Amapola-Negra-I-677x1024.jpg 677w, http:\/\/www.noahapfelbaum.com\/wp-content\/uploads\/2014\/05\/Portada-Definitiva-Amapola-Negra-I.jpg 898w\" sizes=\"auto, (max-width: 198px) 100vw, 198px\" \/><\/a><\/p>\n","protected":false},"excerpt":{"rendered":"<p>Estoy en condiciones de comunicaros qui\u00e9n es el escritor del que os hab\u00eda hablado y al cual voy a representar. Se trata de FRANCISCO MELERO, un autor que en el a\u00f1o 2009 qued\u00f3 Tercer Finalista en el Premio Planeta con una novela titulada EL FARO DEL UNICORNIO, y que ahora inicia un ambicioso proyecto literario [&hellip;]<\/p>\n","protected":false},"author":1,"featured_media":0,"comment_status":"open","ping_status":"open","sticky":false,"template":"","format":"standard","meta":{"footnotes":""},"categories":[2],"tags":[],"class_list":["post-76","post","type-post","status-publish","format-standard","hentry","category-super-bcn"],"_links":{"self":[{"href":"http:\/\/www.noahapfelbaum.com\/index.php?rest_route=\/wp\/v2\/posts\/76","targetHints":{"allow":["GET"]}}],"collection":[{"href":"http:\/\/www.noahapfelbaum.com\/index.php?rest_route=\/wp\/v2\/posts"}],"about":[{"href":"http:\/\/www.noahapfelbaum.com\/index.php?rest_route=\/wp\/v2\/types\/post"}],"author":[{"embeddable":true,"href":"http:\/\/www.noahapfelbaum.com\/index.php?rest_route=\/wp\/v2\/users\/1"}],"replies":[{"embeddable":true,"href":"http:\/\/www.noahapfelbaum.com\/index.php?rest_route=%2Fwp%2Fv2%2Fcomments&post=76"}],"version-history":[{"count":4,"href":"http:\/\/www.noahapfelbaum.com\/index.php?rest_route=\/wp\/v2\/posts\/76\/revisions"}],"predecessor-version":[{"id":79,"href":"http:\/\/www.noahapfelbaum.com\/index.php?rest_route=\/wp\/v2\/posts\/76\/revisions\/79"}],"wp:attachment":[{"href":"http:\/\/www.noahapfelbaum.com\/index.php?rest_route=%2Fwp%2Fv2%2Fmedia&parent=76"}],"wp:term":[{"taxonomy":"category","embeddable":true,"href":"http:\/\/www.noahapfelbaum.com\/index.php?rest_route=%2Fwp%2Fv2%2Fcategories&post=76"},{"taxonomy":"post_tag","embeddable":true,"href":"http:\/\/www.noahapfelbaum.com\/index.php?rest_route=%2Fwp%2Fv2%2Ftags&post=76"}],"curies":[{"name":"wp","href":"https:\/\/api.w.org\/{rel}","templated":true}]}}