{"id":30,"date":"2013-11-10T22:24:44","date_gmt":"2013-11-10T22:24:44","guid":{"rendered":"http:\/\/www.noahapfelbaum.com\/?p=30"},"modified":"2013-11-10T22:29:48","modified_gmt":"2013-11-10T22:29:48","slug":"11-de-noviembre-conmemoracion-del-armisticio-que-finalizo-la-gran-guerra","status":"publish","type":"post","link":"http:\/\/www.noahapfelbaum.com\/?p=30","title":{"rendered":"11 de noviembre. Conmemoraci\u00f3n del Armisticio que finaliz\u00f3 la Gran Guerra"},"content":{"rendered":"<p style=\"text-align: justify;\">Este a\u00f1o la celebraci\u00f3n del 11 de noviembre, tan venerada y seguida en muchos pa\u00edses, especialmente del mundo anglosaj\u00f3n, tiene un tinte especial, pues nos encontramos en las puertas del a\u00f1o conmemorativo del inicio de la Gran Guerra, la que oficialmente finaliz\u00f3 este d\u00eda que se festeja con amapolas rojas por doquier, en recuerdo a los muertos ca\u00eddos en la contienda.<\/p>\n<p style=\"text-align: justify;\">Muchos pa\u00edses ya han hecho p\u00fablicos sus planes para el a\u00f1o siguiente en su af\u00e1n por mantener viva la llama del compromiso adquirido de no olvidar una guerra nefasta que arrastr\u00f3 a casi todos los pa\u00edses del mundo y que sacudi\u00f3 a sus poblaciones de manera espectacular, especialmente al viejo continente.<\/p>\n<p style=\"text-align: justify;\">Con esa voluntad de conservar la memoria de un monumental tropiezo de la humanidad, que lamentablemente se repiti\u00f3 a\u00f1os m\u00e1s tarde, me sumo a las iniciativas planteadas y lo hago haciendo gala del s\u00edmbolo universal que representa a ese conflicto armado que no ha perdido el nombre de Gran Guerra.<\/p>\n<p style=\"text-align: center;\"><a href=\"http:\/\/www.noahapfelbaum.com\/wp-content\/uploads\/2013\/11\/Amapola-Negra.jpg\"><img loading=\"lazy\" decoding=\"async\" class=\"size-medium wp-image-4 aligncenter\" alt=\"Amapola Negra\" src=\"http:\/\/www.noahapfelbaum.com\/wp-content\/uploads\/2013\/11\/Amapola-Negra-300x225.jpg\" width=\"300\" height=\"225\" srcset=\"http:\/\/www.noahapfelbaum.com\/wp-content\/uploads\/2013\/11\/Amapola-Negra-300x225.jpg 300w, http:\/\/www.noahapfelbaum.com\/wp-content\/uploads\/2013\/11\/Amapola-Negra-100x75.jpg 100w, http:\/\/www.noahapfelbaum.com\/wp-content\/uploads\/2013\/11\/Amapola-Negra.jpg 640w\" sizes=\"auto, (max-width: 300px) 100vw, 300px\" \/><\/a><\/p>\n","protected":false},"excerpt":{"rendered":"<p>Este a\u00f1o la celebraci\u00f3n del 11 de noviembre, tan venerada y seguida en muchos pa\u00edses, especialmente del mundo anglosaj\u00f3n, tiene un tinte especial, pues nos encontramos en las puertas del a\u00f1o conmemorativo del inicio de la Gran Guerra, la que oficialmente finaliz\u00f3 este d\u00eda que se festeja con amapolas rojas por doquier, en recuerdo a [&hellip;]<\/p>\n","protected":false},"author":1,"featured_media":0,"comment_status":"open","ping_status":"open","sticky":false,"template":"","format":"standard","meta":{"footnotes":""},"categories":[2],"tags":[],"class_list":["post-30","post","type-post","status-publish","format-standard","hentry","category-super-bcn"],"_links":{"self":[{"href":"http:\/\/www.noahapfelbaum.com\/index.php?rest_route=\/wp\/v2\/posts\/30","targetHints":{"allow":["GET"]}}],"collection":[{"href":"http:\/\/www.noahapfelbaum.com\/index.php?rest_route=\/wp\/v2\/posts"}],"about":[{"href":"http:\/\/www.noahapfelbaum.com\/index.php?rest_route=\/wp\/v2\/types\/post"}],"author":[{"embeddable":true,"href":"http:\/\/www.noahapfelbaum.com\/index.php?rest_route=\/wp\/v2\/users\/1"}],"replies":[{"embeddable":true,"href":"http:\/\/www.noahapfelbaum.com\/index.php?rest_route=%2Fwp%2Fv2%2Fcomments&post=30"}],"version-history":[{"count":3,"href":"http:\/\/www.noahapfelbaum.com\/index.php?rest_route=\/wp\/v2\/posts\/30\/revisions"}],"predecessor-version":[{"id":33,"href":"http:\/\/www.noahapfelbaum.com\/index.php?rest_route=\/wp\/v2\/posts\/30\/revisions\/33"}],"wp:attachment":[{"href":"http:\/\/www.noahapfelbaum.com\/index.php?rest_route=%2Fwp%2Fv2%2Fmedia&parent=30"}],"wp:term":[{"taxonomy":"category","embeddable":true,"href":"http:\/\/www.noahapfelbaum.com\/index.php?rest_route=%2Fwp%2Fv2%2Fcategories&post=30"},{"taxonomy":"post_tag","embeddable":true,"href":"http:\/\/www.noahapfelbaum.com\/index.php?rest_route=%2Fwp%2Fv2%2Ftags&post=30"}],"curies":[{"name":"wp","href":"https:\/\/api.w.org\/{rel}","templated":true}]}}